{"id":3691,"date":"2019-05-29T21:43:49","date_gmt":"2019-05-30T02:43:49","guid":{"rendered":"http:\/\/beta.ledslac.org\/carlos-manuel-rodriguez-ministro-de-ambiente-y-energia-de-costa-rica-hay-que-dejar-de-hablar-y-apostar-mas-a-la-accion\/"},"modified":"2021-05-18T15:38:33","modified_gmt":"2021-05-18T20:38:33","slug":"carlos-manuel-rodriguez-ministro-de-ambiente-y-energia-de-costa-rica-hay-que-dejar-de-hablar-y-apostar-mas-a-la-accion","status":"publish","type":"post","link":"https:\/\/www.ledslac.org\/pt\/carlos-manuel-rodriguez-ministro-de-ambiente-y-energia-de-costa-rica-hay-que-dejar-de-hablar-y-apostar-mas-a-la-accion\/","title":{"rendered":"Carlos Manuel Rodr\u00edguez, Ministro do Meio Ambiente e Energia da Costa Rica: \"temos que parar de falar e nos concentrar mais na a\u00e7\u00e3o\"."},"content":{"rendered":"<div class=\"body\">\n<h3>Em um webinar para jornalistas latino-americanos<\/h3>\n<p><img fetchpriority=\"high\" decoding=\"async\" class=\"aligncenter wp-image-6440 size-medium\" src=\"https:\/\/ledslac.org\/wp-content\/uploads\/2021\/05\/ministro-rodriguez-costa-rica-300x200.jpg\" alt=\"\" width=\"300\" height=\"200\" \/><\/p>\n<p>\"Est\u00e3o nos oferecendo US$ 5 por tonelada de carbono para conservar as florestas. \u00c9 um insulto o que eles nos pagam. Somos os propriet\u00e1rios dos bancos de carbono do planeta\", disse o Ministro do Meio Ambiente e Energia da Costa Rica, Carlos Manuel Rodr\u00edguez, a jornalistas latino-americanos em um webinar organizado na segunda-feira, 27 de maio, para discutir o papel da Am\u00e9rica Latina no aumento da a\u00e7\u00e3o clim\u00e1tica na prepara\u00e7\u00e3o para a COP25.<\/p>\n<p>O webinar foi organizado pelo LEDS LAC, <a href=\"http:\/\/www.latinclima.org\" target=\"_blank\" rel=\"noopener\">LatinClima<\/a>, <a href=\"http:\/\/www.conexioncop.com\" target=\"_blank\" rel=\"noopener\">Conex\u00e3oCOP<\/a> e <a href=\"https:\/\/unfccc.int\/es\" target=\"_blank\" rel=\"noopener\">Mudan\u00e7as clim\u00e1ticas da ONU<\/a>com o apoio de <a href=\"http:\/\/www.libelula.com.pe\" target=\"_blank\" rel=\"noopener\">Lib\u00e9lula<\/a>o <a href=\"https:\/\/www.minae.go.cr\/\" target=\"_blank\" rel=\"noopener\">Minist\u00e9rio do Meio Ambiente e Energia da Costa Rica<\/a>\u00a0e o <a href=\"https:\/\/www.cooperacionespanola.es\/\" target=\"_blank\" rel=\"noopener\">Coopera\u00e7\u00e3o Espanhola<\/a> e contou com a participa\u00e7\u00e3o de mais de 120 participantes de v\u00e1rios pa\u00edses da regi\u00e3o.<\/p>\n<p>Rodr\u00edguez tamb\u00e9m disse que a Pr\u00e9-COP na Costa Rica ser\u00e1 realizada de 8 a 10 de outubro. Ele tamb\u00e9m enfatizou que tanto a Pr\u00e9-COP quanto a COP25 ser\u00e3o espa\u00e7os nos quais as negocia\u00e7\u00f5es relevantes ser\u00e3o efetivamente realizadas; por exemplo, aquelas relacionadas ao Artigo 6 do Livro de Regras do Acordo de Paris, mas elas devem ser orientadas para a implementa\u00e7\u00e3o: \"parem de falar e se concentrem mais na a\u00e7\u00e3o\", enfatizou.<\/p>\n<p>De acordo com o hierarca, para aumentar a a\u00e7\u00e3o clim\u00e1tica na Am\u00e9rica Latina, h\u00e1 uma falta de ambi\u00e7\u00e3o nas Contribui\u00e7\u00f5es Nacionalmente Determinadas (NDCs), bem como n\u00edveis \"inaceit\u00e1veis\" de desmatamento e uma falta de envolvimento de mais \u00e1reas do governo, como os minist\u00e9rios das finan\u00e7as.<\/p>\n<p>Com rela\u00e7\u00e3o a isso, ele tamb\u00e9m destacou a an\u00e1lise financeira que os pa\u00edses devem realizar para examinar os custos evitados com a ado\u00e7\u00e3o de medidas clim\u00e1ticas. Ele enfatizou que tomar medidas que ajudem as comunidades a se adaptarem melhor a eventos clim\u00e1ticos extremos \u00e9, em \u00faltima an\u00e1lise, mais barato do que lidar com os danos posteriormente.<\/p>\n<p>Ele tamb\u00e9m enfatizou a necessidade de investir em adapta\u00e7\u00e3o, especialmente em uma regi\u00e3o como a Am\u00e9rica Latina, que est\u00e1 sofrendo os impactos das mudan\u00e7as clim\u00e1ticas. Nesse sentido, ele incentivou os pa\u00edses a planejar e elaborar medidas que n\u00e3o dependam necessariamente da coopera\u00e7\u00e3o internacional, mas que aproveitem as fontes de financiamento que as na\u00e7\u00f5es j\u00e1 possuem.<\/p>\n<p>Ele tamb\u00e9m enfatizou que sociedades mais bem informadas e conscientes s\u00e3o as que podem dar continuidade \u00e0 a\u00e7\u00e3o clim\u00e1tica, independentemente de quem vencer as elei\u00e7\u00f5es nos pa\u00edses. Nesse sentido, o papel dos jornalistas e da m\u00eddia na informa\u00e7\u00e3o e no exerc\u00edcio do controle pol\u00edtico \u00e9 considerado fundamental por Rodr\u00edguez.<\/p>\n<\/div>\n<div class=\"etiquetas enlace\">\n<p><iframe title=\"O papel da Am\u00e9rica Latina na amplia\u00e7\u00e3o da a\u00e7\u00e3o clim\u00e1tica rumo \u00e0 COP25\" width=\"800\" height=\"450\" src=\"https:\/\/www.youtube.com\/embed\/5weeZ_HpR1g?feature=oembed\" frameborder=\"0\" allow=\"accelerometer; autoplay; clipboard-write; encrypted-media; gyroscope; picture-in-picture\" allowfullscreen><\/iframe><\/p>\n<\/div>\n<div><em>(Fonte: <a href=\"http:\/\/latinclima.org\/articulos\/carlos-manuel-rodriguez-ministro-de-ambiente-y-energia-de-costa-rica-hay-que-dejar-de\" target=\"_blank\" rel=\"noopener\">Latinclima<\/a>)<\/em><\/div>","protected":false},"excerpt":{"rendered":"<p>Carlos Manuel Rodr\u00edguez, Ministro do Meio Ambiente e Energia da Costa Rica: \"temos que parar de falar e nos concentrar mais na a\u00e7\u00e3o\".<\/p>","protected":false},"author":2,"featured_media":3692,"comment_status":"closed","ping_status":"open","sticky":false,"template":"","format":"standard","meta":{"footnotes":""},"categories":[48,1],"tags":[],"class_list":["post-3691","post","type-post","status-publish","format-standard","has-post-thumbnail","hentry","category-blog","category-sin-categorizar"],"_links":{"self":[{"href":"https:\/\/www.ledslac.org\/pt\/wp-json\/wp\/v2\/posts\/3691","targetHints":{"allow":["GET"]}}],"collection":[{"href":"https:\/\/www.ledslac.org\/pt\/wp-json\/wp\/v2\/posts"}],"about":[{"href":"https:\/\/www.ledslac.org\/pt\/wp-json\/wp\/v2\/types\/post"}],"author":[{"embeddable":true,"href":"https:\/\/www.ledslac.org\/pt\/wp-json\/wp\/v2\/users\/2"}],"replies":[{"embeddable":true,"href":"https:\/\/www.ledslac.org\/pt\/wp-json\/wp\/v2\/comments?post=3691"}],"version-history":[{"count":0,"href":"https:\/\/www.ledslac.org\/pt\/wp-json\/wp\/v2\/posts\/3691\/revisions"}],"wp:featuredmedia":[{"embeddable":true,"href":"https:\/\/www.ledslac.org\/pt\/wp-json\/wp\/v2\/media\/3692"}],"wp:attachment":[{"href":"https:\/\/www.ledslac.org\/pt\/wp-json\/wp\/v2\/media?parent=3691"}],"wp:term":[{"taxonomy":"category","embeddable":true,"href":"https:\/\/www.ledslac.org\/pt\/wp-json\/wp\/v2\/categories?post=3691"},{"taxonomy":"post_tag","embeddable":true,"href":"https:\/\/www.ledslac.org\/pt\/wp-json\/wp\/v2\/tags?post=3691"}],"curies":[{"name":"wp","href":"https:\/\/api.w.org\/{rel}","templated":true}]}}