{"id":3677,"date":"2019-05-21T20:10:00","date_gmt":"2019-05-22T01:10:00","guid":{"rendered":"http:\/\/beta.ledslac.org\/representantes-del-sector-publico-y-privado-de-ocho-paises-de-america-latina-y-el-caribe-se-reunen-para-impulsar-la-accion-climatica\/"},"modified":"2019-05-21T20:10:00","modified_gmt":"2019-05-22T01:10:00","slug":"representantes-del-sector-publico-y-privado-de-ocho-paises-de-america-latina-y-el-caribe-se-reunen-para-impulsar-la-accion-climatica","status":"publish","type":"post","link":"https:\/\/www.ledslac.org\/pt\/representantes-del-sector-publico-y-privado-de-ocho-paises-de-america-latina-y-el-caribe-se-reunen-para-impulsar-la-accion-climatica\/","title":{"rendered":"Representantes dos setores p\u00fablico e privado de oito pa\u00edses da Am\u00e9rica Latina e do Caribe se re\u00fanem para impulsionar a a\u00e7\u00e3o clim\u00e1tica"},"content":{"rendered":"\n<h1 class=\"m_-7720971779158847012gmail-h m_-7720971779158847012gmail-is-3 m_-7720971779158847012gmail-is-bold m_-7720971779158847012gmail-mt-3 wp-block-heading\" style=\"text-align: center;\">Representantes del sector p\u00fablico y privado de ocho pa\u00edses de Am\u00e9rica Latina y El Caribe se re\u00fanen para impulsar la acci\u00f3n clim\u00e1tica<\/h1>\n<p><img fetchpriority=\"high\" decoding=\"async\" class=\"aligncenter size-full wp-image-6406\" src=\"https:\/\/ledslac.org\/wp-content\/uploads\/2021\/05\/IMG_7911-scaled.jpg\" alt=\"\" width=\"5184\" height=\"3456\" \/><\/p>\n<p>&nbsp;<\/p>\n\n\n\n<p><strong>Lima.-<\/strong>\u00a0Representantes del sector p\u00fablico y privado de ocho pa\u00edses de Am\u00e9rica Latina y El Caribe se re\u00fanen en Lima para intercambiar experiencias sobre las medidas que se vienen adoptando en cada naci\u00f3n para enfrentar el cambio clim\u00e1tico con la activa participaci\u00f3n del sector privado.<\/p>\n<p>Este Segundo Taller de la Comunidad de Pr\u00e1ctica sobre el involucramiento del sector privado en los procesos de pol\u00edtica clim\u00e1tica en Latinoam\u00e9rica\u201d, se realiza desde hoy hasta el jueves 23 de este mes, en Lima, contando con la participaci\u00f3n de m\u00e1s de 30 representantes de Bolivia, Chile, Costa Rica, El Salvador, Honduras, M\u00e9xico, Uruguay y Per\u00fa, que forman parte de la Plataforma LEDS LAC y del Programa <a href=\"http:\/\/www.euroclimaplus.org\" target=\"_blank\" rel=\"noopener\">EUROCLIMA+<\/a>, financiado por la Uni\u00f3n Europea.<\/p>\n<p>El objetivo de este evento es contribuir al desarrollo y consolidaci\u00f3n de mecanismos para articular la participaci\u00f3n del sector privado en la formulaci\u00f3n e implementaci\u00f3n de las pol\u00edticas clim\u00e1ticas, especialmente de las Contribuciones Nacionalmente Determinadas (NDC, por sus siglas en ingl\u00e9s), buscando que los pa\u00edses contribuyan a la meta global de reducci\u00f3n de emisiones de gases de efecto invernadero.<\/p>\n<p>Durante la inauguraci\u00f3n, el viceministro de Desarrollo Estrat\u00e9gico de los Recursos Naturales del Ministerio del Ambiente (<a href=\"https:\/\/www.gob.pe\/minam\" target=\"_blank\" rel=\"noopener\">Minam<\/a>), Gabriel Quijandr\u00eda, destac\u00f3 el rol del sector privado para cumplir con la ambici\u00f3n de los pa\u00edses frente al cambio clim\u00e1tico. \u201cEspacios como este son fundamentales para generar confianza entre los actores involucrados en la gesti\u00f3n frente al cambio clim\u00e1tico. Adem\u00e1s, ayuda a buscar soluciones y cu\u00e1nto aportaremos desde nuestra posici\u00f3n\u201d, refiri\u00f3.<\/p>\n<p>Por su parte, la directora de Adaptaci\u00f3n al Cambio Clim\u00e1tico y Desertificaci\u00f3n del <a href=\"https:\/\/www.gob.pe\/minam\" target=\"_blank\" rel=\"noopener\">Minam<\/a>, Cristina Rodr\u00edguez, sostuvo que en el Per\u00fa un proceso clave para la institucionalizaci\u00f3n de las NDC ha sido el dise\u00f1o y la ejecuci\u00f3n de los \u201cDialoguemos sobre las NDC\u201d, que ser\u00e1 fundamental para la construcci\u00f3n de una visi\u00f3n compartida a mediano y largo plazo sobre la incorporaci\u00f3n del cambio clim\u00e1tico en las pol\u00edticas sectoriales y a nivel regional y local.<\/p>\n<p>Dijo que el pa\u00eds est\u00e1 comprometido con los objetivos del Acuerdo de Par\u00eds, a trav\u00e9s de sus NDC. A\u00f1adi\u00f3 que, dentro de este contexto, el proceso participativo conocido como \u00abDialoguemos\u00bb es la estrategia peruana para asegurar esta interacci\u00f3n permanente entre los actores, \u201cgenerando alianzas y acuerdos viables, creando as\u00ed legitimidad y sostenibilidad para los procesos de pol\u00edticas clim\u00e1ticas p\u00fablicas\u201d.<\/p>\n<p>Desde octubre de 2017 hasta la fecha, se han realizado un total de 46 Dialoguemos sobre las NDC a nivel nacional, congregando a m\u00e1s de 1 500 actores, entre el sector p\u00fablico, gremios empresariales, empresas, productores, agencias de cooperaci\u00f3n, ONG, centros de investigaci\u00f3n y pueblos ind\u00edgenas.<\/p>\n<p>En un panel donde participaron representantes de gremios y asociaciones del sector empresarial, entre ellos, la <a href=\"http:\/\/www.sni.org.pe\/\" target=\"_blank\" rel=\"noopener\">Sociedad Nacional de Industrias<\/a>, <a href=\"https:\/\/www.confiep.org.pe\/\" target=\"_blank\" rel=\"noopener\">CONFIEP<\/a>, <a href=\"http:\/\/peru2021.org\/\" target=\"_blank\" rel=\"noopener\">Per\u00fa 2021<\/a>,<a href=\"https:\/\/www.lmas1.org\/\" target=\"_blank\" rel=\"noopener\"> L+1<\/a>, el <a href=\"https:\/\/www.confiep.org.pe\/confiep-tv\/programa-de-inversion-responsable-pir\/\" target=\"_blank\" rel=\"noopener\">Programa de Inversi\u00f3n Responsable (PIR)<\/a> y la <a href=\"http:\/\/www.asocem.org.pe\/\" target=\"_blank\" rel=\"noopener\">Asociaci\u00f3n de Productores de Cemento<\/a>, se resaltaron las experiencias y avances de Per\u00fa en la participaci\u00f3n del sector privado en los procesos de pol\u00edtica clim\u00e1tica. Entre otros temas, se resalt\u00f3 que en el pa\u00eds ha crecido la institucionalidad del sector privado a trav\u00e9s de los gremios empresariales, y que dicho sector viene participando de espacios donde se construye pol\u00edtica p\u00fablica.<\/p>\n<p>Durante el evento se resalt\u00f3 el importante rol que juega el sector privado en la implementaci\u00f3n de las NDCs de los pa\u00edses, y se mencion\u00f3 que el Objetivo de Desarrollo Sostenible 13 (Acci\u00f3n por el Clima) es el primero en prioridad a nivel mundial para las 250 empresas m\u00e1s importantes del mundo (fuente: Encuesta <a href=\"https:\/\/www.wbcsd.org\/\" target=\"_blank\" rel=\"noopener\">World Business Council,<\/a> abril 2019).<\/p>\n<p><strong>Dato<\/strong><\/p>\n<ul>\n<li>El Programa <a href=\"http:\/\/www.euroclima.org\" target=\"_blank\" rel=\"noopener\">EUROCLIMA+<\/a>, a trav\u00e9s de la Agencia de Cooperaci\u00f3n Alemana (<a href=\"https:\/\/www.giz.de\/en\/html\/index.html\" target=\"_blank\" rel=\"noopener\">GIZ<\/a>), en colaboraci\u00f3n con la Secretar\u00eda de la Plataforma Regional <a href=\"https:\/\/ledslac.org\" target=\"_blank\" rel=\"noopener\">LEDS LAC<\/a> y el <a href=\"https:\/\/www.incae.edu\/en\/clacds.html\" target=\"_blank\" rel=\"noopener\">Centro Latinoamericano para la Competitividad y el Desarrollo Sostenible de INCAE Business School<\/a> lanz\u00f3 a mediados de 2018 la Comunidad de Pr\u00e1ctica sobre Involucramiento del Sector Privado en los Procesos de Pol\u00edtica Clim\u00e1tica en Latinoam\u00e9rica, donde participan equipos conformados por representantes de organizaciones p\u00fablicas y privadas de nueve pa\u00edses que forman parte de <a href=\"http:\/\/www.euroclima.org\" target=\"_blank\" rel=\"noopener\">EUROCLIMA+.<\/a><\/li>\n<\/ul>\n<h3>Streaming:<\/h3>\n<ul>\n<li><a style=\"font-size: 16px;\" href=\"http:\/\/www.facebook.com\/LEDSLAC\/videos\/428249514628913\" target=\"_blank\" rel=\"noopener\">Panel sobre experiencias y avances de Per\u00fa en la participaci\u00f3n del sector privado en los procesos de pol\u00edtica clim\u00e1tica\u00a0<\/a>\n<p>[fusion_builder_container hundred_percent=\u00bbyes\u00bb overflow=\u00bbvisible\u00bb][fusion_builder_row][fusion_builder_column type=\u00bb1_1&#8243; background_position=\u00bbleft top\u00bb background_color=\u00bb\u00bb border_size=\u00bb\u00bb border_color=\u00bb\u00bb border_style=\u00bbsolid\u00bb spacing=\u00bbyes\u00bb background_image=\u00bb\u00bb background_repeat=\u00bbno-repeat\u00bb padding=\u00bb\u00bb margin_top=\u00bb0px\u00bb margin_bottom=\u00bb0px\u00bb class=\u00bb\u00bb id=\u00bb\u00bb animation_type=\u00bb\u00bb animation_speed=\u00bb0.3&#8243; animation_direction=\u00bbleft\u00bb hide_on_mobile=\u00bbno\u00bb center_content=\u00bbno\u00bb min_height=\u00bbnone\u00bb]<a href=\"http:\/\/www.facebook.com\/LEDSLAC\/videos\/428249514628913\" target=\"_blank\" rel=\"noopener\">http:\/\/www.facebook.com\/LEDSLAC\/videos\/428249514628913<\/a><\/p>\n<\/li>\n<\/ul>\n<p><\/p>\n<h3>Fotos:<\/h3>\n<ul>\n<li><a href=\"https:\/\/www.flickr.com\/photos\/ledslac\/albums\/72157708553366775\" target=\"_blank\" rel=\"noopener\">D\u00eda 1 &#8211; Fotos de LEDS LAC<\/a><\/li>\n<li><a href=\"https:\/\/www.flickr.com\/photos\/minamperu\/sets\/72157708548450285\" target=\"_blank\" rel=\"noopener\">D\u00eda 1 &#8211; Fotos del MINAM<\/a><\/li>\n<\/ul>\n<h3>Organizadores y aliados:<\/h3>\n\n<figure class=\"wp-block-image\"><img decoding=\"async\" class=\"aligncenter wp-image-6384 \" src=\"https:\/\/ledslac.org\/wp-content\/uploads\/2021\/05\/Footer_Taller-Privados_Header.png\" alt=\"\" width=\"855\" height=\"76\" \/><\/figure>\n<p><img decoding=\"async\" class=\"aligncenter wp-image-6391 \" src=\"https:\/\/ledslac.org\/wp-content\/uploads\/2021\/05\/logostaller-01.png\" alt=\"\" width=\"784\" height=\"389\" \/><\/p>\n\n<h3>Mas informaci\u00f3n sobre las Comunidades de Pr\u00e1ctica:<\/h3>\n<ul>\n<li><a href=\"https:\/\/ledslac.org\/es\/comunidades-de-practica\/#\" target=\"_blank\" rel=\"noopener\">Sitio web de las Comunidades de Pr\u00e1ctica de LEDS LAC<\/a><\/li>\n<\/ul>\n<h3>\u00a0<\/h3>\n<!-- \/wp:post-content -->[\/fusion_builder_column][\/fusion_builder_row][\/fusion_builder_container]","protected":false},"excerpt":{"rendered":"<p>Representantes dos setores p\u00fablico e privado de oito pa\u00edses da Am\u00e9rica Latina e do Caribe est\u00e3o se reunindo em Lima para trocar experi\u00eancias sobre as medidas que est\u00e3o sendo adotadas em cada na\u00e7\u00e3o para enfrentar as mudan\u00e7as clim\u00e1ticas com a participa\u00e7\u00e3o ativa do setor privado.<\/p>","protected":false},"author":2,"featured_media":3678,"comment_status":"closed","ping_status":"open","sticky":false,"template":"","format":"standard","meta":{"footnotes":""},"categories":[48],"tags":[],"class_list":["post-3677","post","type-post","status-publish","format-standard","has-post-thumbnail","hentry","category-blog"],"_links":{"self":[{"href":"https:\/\/www.ledslac.org\/pt\/wp-json\/wp\/v2\/posts\/3677","targetHints":{"allow":["GET"]}}],"collection":[{"href":"https:\/\/www.ledslac.org\/pt\/wp-json\/wp\/v2\/posts"}],"about":[{"href":"https:\/\/www.ledslac.org\/pt\/wp-json\/wp\/v2\/types\/post"}],"author":[{"embeddable":true,"href":"https:\/\/www.ledslac.org\/pt\/wp-json\/wp\/v2\/users\/2"}],"replies":[{"embeddable":true,"href":"https:\/\/www.ledslac.org\/pt\/wp-json\/wp\/v2\/comments?post=3677"}],"version-history":[{"count":0,"href":"https:\/\/www.ledslac.org\/pt\/wp-json\/wp\/v2\/posts\/3677\/revisions"}],"wp:featuredmedia":[{"embeddable":true,"href":"https:\/\/www.ledslac.org\/pt\/wp-json\/wp\/v2\/media\/3678"}],"wp:attachment":[{"href":"https:\/\/www.ledslac.org\/pt\/wp-json\/wp\/v2\/media?parent=3677"}],"wp:term":[{"taxonomy":"category","embeddable":true,"href":"https:\/\/www.ledslac.org\/pt\/wp-json\/wp\/v2\/categories?post=3677"},{"taxonomy":"post_tag","embeddable":true,"href":"https:\/\/www.ledslac.org\/pt\/wp-json\/wp\/v2\/tags?post=3677"}],"curies":[{"name":"wp","href":"https:\/\/api.w.org\/{rel}","templated":true}]}}