{"id":3630,"date":"2018-12-11T17:49:41","date_gmt":"2018-12-11T22:49:41","guid":{"rendered":"http:\/\/beta.ledslac.org\/eventos-paralelos-de-leds-lac-en-la-cop24\/"},"modified":"2021-06-24T09:31:45","modified_gmt":"2021-06-24T14:31:45","slug":"eventos-paralelos-de-leds-lac-en-la-cop24","status":"publish","type":"post","link":"https:\/\/www.ledslac.org\/pt\/eventos-paralelos-de-leds-lac-en-la-cop24\/","title":{"rendered":"Eventos paralelos do LEDS LAC na COP24"},"content":{"rendered":"\n<h1 class=\"has-text-align-center wp-block-heading\">LEDS LAC en la COP24<br><\/h1>\n\n\n\n<p class=\"has-medium-font-size\">Durante la COP24 en Katowice, Polonia. LEDS LAC co-organiz\u00f3 tres eventos paralelos junto a importantes organizaciones como EUROCLIMA+, GIZ, Fundaci\u00f3n Avina, NDC Partnership, WRI, UNDP, CEPAL, entre otros.<\/p>\n\n\n\n<p>En este art\u00edculo le presentamos un resumen y material audiovisual de estos eventos.<br><\/p>\n\n\n\n<ul class=\"wp-block-list\"><li><a href=\"#sideevent1\">Improving Governance Frameworks and Unlocking Ambition with Non-State and Subnational Actors<\/a><\/li><li><a href=\"#sideevent2\">Avances y desafios en la implementaci\u00f3n de la NDC en Am\u00e9rica Latina y el Caribe: \u00bfC\u00f3mo aumentar la ambici\u00f3n en la regi\u00f3n?<\/a><\/li><li><a href=\"#sideevent3\">Sustained Cross-Country Learning and Collaboration Through Regional Communities of Practice for NDC Implementation.<\/a><\/li><\/ul>\n\n\n\n<div class=\"wp-block-cover has-vivid-cyan-blue-background-color has-background-dim has-parallax\" style=\"background-image:url(https:\/\/ledslac.org\/wp-content\/uploads\/2018\/12\/about-patagonia-south-america.jpg)\"><div class=\"wp-block-cover__inner-container is-layout-flow wp-block-cover-is-layout-flow\">\n<p class=\"has-text-align-center has-large-font-size\"><strong><span class=\"has-inline-color has-white-color\">Improving Governance Frameworks and Unlocking Ambition with Non-State and Subnational Actors<\/span><\/strong><\/p>\n<\/div><\/div>\n\n\n\n<hr class=\"wp-block-separator is-style-dots\"\/>\n\n\n\n<p>Cuando los gobiernos locales, nacionales y regionales, as\u00ed como tambi\u00e9n los actores no estatales toman en consideraci\u00f3n la acci\u00f3n clim\u00e1tica, sus esfuerzos se refuerzan mutuamente y generan mayor ambici\u00f3n en sus metas. Los panelistas de este evento discutieron las acciones lideradas por pa\u00edses en Am\u00e9rica Latina y el Caribe, explorando c\u00f3mo estas pol\u00edticas han conducido a una mejor integraci\u00f3n del sector p\u00fablico y privado y tambi\u00e9n a una mayor transparencia en los compromisos nacionales.<\/p>\n\n\n\n<p><em>Este evento se llev\u00f3 a cabo el <strong>3 de diciembre<\/strong> en el Pabell\u00f3n de la NDC Partnership.<\/em><\/p>\n\n\n\n<h2 class=\"wp-block-heading\">Organizadores y aliados:<\/h2>\n\n\n\n<p>WRI, UNDP, LEDs LAC, NDC Cluster, GIZ, ICAT<\/p>\n\n\n\n<h3 class=\"wp-block-heading\">M\u00e1s informaci\u00f3n:<\/h3>\n\n\n\n<ul class=\"wp-block-list\"><li>Cynthia Elliott, WRI <a href=\"https:\/\/www.wri.org\/profile\/cynthia-elliott\" target=\"_blank\" rel=\"noopener\">[fusion_builder_container hundred_percent=\u00bbyes\u00bb overflow=\u00bbvisible\u00bb][fusion_builder_row][fusion_builder_column type=\u00bb1_1&#8243; background_position=\u00bbleft top\u00bb background_color=\u00bb\u00bb border_size=\u00bb\u00bb border_color=\u00bb\u00bb border_style=\u00bbsolid\u00bb spacing=\u00bbyes\u00bb background_image=\u00bb\u00bb background_repeat=\u00bbno-repeat\u00bb padding=\u00bb\u00bb margin_top=\u00bb0px\u00bb margin_bottom=\u00bb0px\u00bb class=\u00bb\u00bb id=\u00bb\u00bb animation_type=\u00bb\u00bb animation_speed=\u00bb0.3&#8243; animation_direction=\u00bbleft\u00bb hide_on_mobile=\u00bbno\u00bb center_content=\u00bbno\u00bb min_height=\u00bbnone\u00bb][Contacto]<\/a><\/li><li>Neelam Singh, WRI <a href=\"https:\/\/www.wri.org\/profile\/neelam-singh\" target=\"_blank\" rel=\"noopener\">[Contacto]<\/a><\/li><\/ul>\n\n\n\n<div class=\"wp-block-cover has-background-dim has-parallax\" style=\"background-image:url(https:\/\/ledslac.org\/wp-content\/uploads\/2018\/11\/gd-2-e1542734141817.jpg);background-color:#88c735\"><div class=\"wp-block-cover__inner-container is-layout-flow wp-block-cover-is-layout-flow\">\n<p class=\"has-text-align-center has-large-font-size\" style=\"line-height: 1.5em;\"><strong><span class=\"has-inline-color has-white-color\">Avances y desafios en la implementaci\u00f3n de la NDC en Am\u00e9rica Latina y el Caribe: \u00bfC\u00f3mo aumentar la ambici\u00f3n en la regi\u00f3n?<\/span><br><\/strong><\/p>\n<\/div><\/div>\n\n\n\n<hr class=\"wp-block-separator is-style-dots\"\/>\n\n\n\n<p><em>Este evento se llev\u00f3 a cabo el <strong>8 de diciembre<\/strong> en el Pabell\u00f3n de la NDC Partnership.<\/em><\/p>\n\n\n\n<h2 class=\"wp-block-heading\">Organizadores y aliados:<\/h2>\n\n\n\n<figure class=\"wp-block-image\"><img decoding=\"async\" src=\"https:\/\/ledslac.org\/wp-content\/uploads\/2021\/05\/logos-euroclimacop.jpg\" alt=\"\" class=\"wp-image-6177\"\/><\/figure>\n\n\n<h3>Mas informaci\u00f3n:<\/h3>\n<ul>\n<li><a href=\"http:\/\/euroclimaplus.org\/index.php\/es\/sobre-el-componente4\/noticia-urbano\/188-implementacion-ndc-cop24\" target=\"_blank\" rel=\"noopener\">Sitio web de EUROCLIMA+<\/a><\/li>\n<\/ul>\n<h3>Streaming:<\/h3>\n\n\n<figure class=\"wp-block-embed is-type-video is-provider-facebook wp-block-embed-facebook\"><div class=\"wp-block-embed__wrapper\">\nhttps:\/\/www.facebook.com\/ndcpartnership\/videos\/340385780090247\n<\/div><\/figure>\n\n\n\n<h2 class=\"wp-block-heading\">Fotos:<\/h2>\n\n\n\n<figure class=\"wp-block-gallery columns-5 is-cropped wp-block-gallery-1 is-layout-flex wp-block-gallery-is-layout-flex\"><ul class=\"blocks-gallery-grid\"><li class=\"blocks-gallery-item\"><figure><img decoding=\"async\" src=\"https:\/\/ledslac.org\/wp-content\/uploads\/2021\/05\/WhatsApp-Image-2018-12-10-at-5.29.26-PM-768x1024.jpeg\" alt=\"\" data-id=\"6162\" data-link=\"https:\/\/ledslac.org\/?attachment_id=6162\" class=\"wp-image-6162\"\/><\/figure><\/li><li class=\"blocks-gallery-item\"><figure><img decoding=\"async\" src=\"https:\/\/ledslac.org\/wp-content\/uploads\/2021\/05\/WhatsApp-Image-2018-12-10-at-5.29.08-PM-1-576x1024.jpeg\" alt=\"\" data-id=\"6163\" data-link=\"https:\/\/ledslac.org\/?attachment_id=6163\" class=\"wp-image-6163\"\/><\/figure><\/li><li class=\"blocks-gallery-item\"><figure><img decoding=\"async\" src=\"https:\/\/ledslac.org\/wp-content\/uploads\/2021\/05\/WhatsApp-Image-2018-12-10-at-5.29.08-PM-576x1024.jpeg\" alt=\"\" data-id=\"6164\" data-link=\"https:\/\/ledslac.org\/?attachment_id=6164\" class=\"wp-image-6164\"\/><\/figure><\/li><li class=\"blocks-gallery-item\"><figure><img decoding=\"async\" src=\"https:\/\/ledslac.org\/wp-content\/uploads\/2021\/05\/WhatsApp-Image-2018-12-10-at-5.29.07-PM-2-768x1024.jpeg\" alt=\"\" data-id=\"6165\" data-link=\"https:\/\/ledslac.org\/?attachment_id=6165\" class=\"wp-image-6165\"\/><\/figure><\/li><li class=\"blocks-gallery-item\"><figure><img decoding=\"async\" src=\"https:\/\/ledslac.org\/wp-content\/uploads\/2021\/05\/WhatsApp-Image-2018-12-10-at-5.29.07-PM-1-768x1024.jpeg\" alt=\"\" data-id=\"6166\" data-link=\"https:\/\/ledslac.org\/?attachment_id=6166\" class=\"wp-image-6166\"\/><\/figure><\/li><li class=\"blocks-gallery-item\"><figure><img decoding=\"async\" src=\"https:\/\/ledslac.org\/wp-content\/uploads\/2021\/05\/WhatsApp-Image-2018-12-10-at-5.29.07-PM-768x1024.jpeg\" alt=\"\" data-id=\"6167\" data-link=\"https:\/\/ledslac.org\/?attachment_id=6167\" class=\"wp-image-6167\"\/><\/figure><\/li><li class=\"blocks-gallery-item\"><figure><img decoding=\"async\" src=\"https:\/\/ledslac.org\/wp-content\/uploads\/2021\/05\/WhatsApp-Image-2018-12-10-at-5.28.52-PM-1024x768.jpeg\" alt=\"\" data-id=\"6168\" data-link=\"https:\/\/ledslac.org\/?attachment_id=6168\" class=\"wp-image-6168\"\/><\/figure><\/li><\/ul><\/figure>\n\n\n\n<div class=\"wp-block-cover has-background-dim-60 has-background-dim has-parallax\" style=\"background-image:url(https:\/\/ledslac.org\/wp-content\/uploads\/2018\/12\/ts_brandbox_greencityb.jpg);background-color:#295745\"><div class=\"wp-block-cover__inner-container is-layout-flow wp-block-cover-is-layout-flow\">\n<p class=\"has-text-align-center has-large-font-size\" style=\"    line-height: 1.5em;\"><strong>Sustained Cross-Country Learning and Collaboration Through Regional Communities of Practice for NDC Implementation<\/strong><\/p>\n<\/div><\/div>\n\n\n\n<p>En este evento, el Dr. Marlon Escoto, delegado presidencial de cambio clim\u00e1tico&nbsp;de Honduras, present\u00f3 la experiencia de su pa\u00eds y el trabajo que viene desarrollando la Comunidad de Pr\u00e1ctica sobre involucramiento del sector privado en los procesos de pol\u00edtica clim\u00e1tica en Latinoam\u00e9rica, iniciativa impulsada por EUROCLIMA+, a trav\u00e9s de GIZ, en colaboraci\u00f3n con la plataforma LEDS LAC y el CLACDS INCAE Business School.<\/p>\n\n\n\n<p><em>Este evento se llev\u00f3 a cabo el <strong>10 de diciembre<\/strong> en el Pabell\u00f3n de la NDC Partnership.<\/em><\/p>\n\n\n\n<h2 class=\"wp-block-heading\">Organizadores y aliados:<\/h2>\n\n\n\n<figure class=\"wp-block-image\"><img decoding=\"async\" src=\"https:\/\/ledslac.org\/wp-content\/uploads\/2021\/05\/COP24-sideevent2.jpg\" alt=\"\" class=\"wp-image-6178\"\/><\/figure>\n\n\n<h3>Streaming:<\/h3>\n\n\n<figure class=\"wp-block-embed is-type-video is-provider-facebook wp-block-embed-facebook\"><div class=\"wp-block-embed__wrapper\">\nhttps:\/\/www.facebook.com\/ndcpartnership\/videos\/1912337548881056\n<\/div><\/figure>\n\n\n<h2>Fotos:<\/h2>\n\n\n<figure class=\"wp-block-gallery columns-5 is-cropped wp-block-gallery-2 is-layout-flex wp-block-gallery-is-layout-flex\"><ul class=\"blocks-gallery-grid\"><li class=\"blocks-gallery-item\"><figure><img decoding=\"async\" src=\"https:\/\/ledslac.org\/wp-content\/uploads\/2021\/05\/WhatsApp-Image-2018-12-10-at-5.31.03-PM-1-1024x768.jpeg\" alt=\"\" data-id=\"6169\" data-link=\"https:\/\/ledslac.org\/?attachment_id=6169\" class=\"wp-image-6169\"\/><\/figure><\/li><li class=\"blocks-gallery-item\"><figure><img decoding=\"async\" src=\"https:\/\/ledslac.org\/wp-content\/uploads\/2021\/05\/WhatsApp-Image-2018-12-10-at-5.31.03-PM-1024x768.jpeg\" alt=\"\" data-id=\"6170\" data-link=\"https:\/\/ledslac.org\/?attachment_id=6170\" class=\"wp-image-6170\"\/><\/figure><\/li><li class=\"blocks-gallery-item\"><figure><img decoding=\"async\" src=\"https:\/\/ledslac.org\/wp-content\/uploads\/2021\/05\/WhatsApp-Image-2018-12-10-at-5.31.02-PM-1-1024x768.jpeg\" alt=\"\" data-id=\"6171\" data-link=\"https:\/\/ledslac.org\/?attachment_id=6171\" class=\"wp-image-6171\"\/><\/figure><\/li><li class=\"blocks-gallery-item\"><figure><img decoding=\"async\" src=\"https:\/\/ledslac.org\/wp-content\/uploads\/2021\/05\/WhatsApp-Image-2018-12-10-at-5.31.02-PM-1024x768.jpeg\" alt=\"\" data-id=\"6172\" data-link=\"https:\/\/ledslac.org\/?attachment_id=6172\" class=\"wp-image-6172\"\/><\/figure><\/li><li class=\"blocks-gallery-item\"><figure><img decoding=\"async\" src=\"https:\/\/ledslac.org\/wp-content\/uploads\/2021\/05\/WhatsApp-Image-2018-12-10-at-5.30.26-PM-2-1024x768.jpeg\" alt=\"\" data-id=\"6173\" data-link=\"https:\/\/ledslac.org\/?attachment_id=6173\" class=\"wp-image-6173\"\/><\/figure><\/li><li class=\"blocks-gallery-item\"><figure><img decoding=\"async\" src=\"https:\/\/ledslac.org\/wp-content\/uploads\/2021\/05\/WhatsApp-Image-2018-12-10-at-5.30.26-PM-1-1024x768.jpeg\" alt=\"\" data-id=\"6174\" data-link=\"https:\/\/ledslac.org\/?attachment_id=6174\" class=\"wp-image-6174\"\/><\/figure><\/li><li class=\"blocks-gallery-item\"><figure><img decoding=\"async\" src=\"https:\/\/ledslac.org\/wp-content\/uploads\/2021\/05\/WhatsApp-Image-2018-12-10-at-5.30.26-PM-768x1024.jpeg\" alt=\"\" data-id=\"6175\" data-link=\"https:\/\/ledslac.org\/?attachment_id=6175\" class=\"wp-image-6175\"\/><\/figure><\/li><li class=\"blocks-gallery-item\"><figure><img decoding=\"async\" src=\"https:\/\/ledslac.org\/wp-content\/uploads\/2021\/05\/WhatsApp-Image-2018-12-10-at-5.30.25-PM-1024x768.jpeg\" alt=\"\" data-id=\"6176\" data-link=\"https:\/\/ledslac.org\/?attachment_id=6176\" class=\"wp-image-6176\"\/><\/figure><\/li><\/ul><\/figure>\n\n\n<p>[\/fusion_builder_column][\/fusion_builder_row][\/fusion_builder_container]<\/p>","protected":false},"excerpt":{"rendered":"<p>Durante a COP24 em Katowice, Pol\u00f4nia. O LEDS LAC co-organizou tr\u00eas eventos paralelos junto com importantes organiza\u00e7\u00f5es como EUROCLIMA+, GIZ, Avina Foundation, NDC Partnership, WRI, UNDP, ECLAC, entre outras.<\/p>","protected":false},"author":2,"featured_media":3648,"comment_status":"closed","ping_status":"open","sticky":false,"template":"","format":"standard","meta":{"footnotes":""},"categories":[48],"tags":[],"class_list":["post-3630","post","type-post","status-publish","format-standard","has-post-thumbnail","hentry","category-blog"],"_links":{"self":[{"href":"https:\/\/www.ledslac.org\/pt\/wp-json\/wp\/v2\/posts\/3630","targetHints":{"allow":["GET"]}}],"collection":[{"href":"https:\/\/www.ledslac.org\/pt\/wp-json\/wp\/v2\/posts"}],"about":[{"href":"https:\/\/www.ledslac.org\/pt\/wp-json\/wp\/v2\/types\/post"}],"author":[{"embeddable":true,"href":"https:\/\/www.ledslac.org\/pt\/wp-json\/wp\/v2\/users\/2"}],"replies":[{"embeddable":true,"href":"https:\/\/www.ledslac.org\/pt\/wp-json\/wp\/v2\/comments?post=3630"}],"version-history":[{"count":0,"href":"https:\/\/www.ledslac.org\/pt\/wp-json\/wp\/v2\/posts\/3630\/revisions"}],"wp:featuredmedia":[{"embeddable":true,"href":"https:\/\/www.ledslac.org\/pt\/wp-json\/wp\/v2\/media\/3648"}],"wp:attachment":[{"href":"https:\/\/www.ledslac.org\/pt\/wp-json\/wp\/v2\/media?parent=3630"}],"wp:term":[{"taxonomy":"category","embeddable":true,"href":"https:\/\/www.ledslac.org\/pt\/wp-json\/wp\/v2\/categories?post=3630"},{"taxonomy":"post_tag","embeddable":true,"href":"https:\/\/www.ledslac.org\/pt\/wp-json\/wp\/v2\/tags?post=3630"}],"curies":[{"name":"wp","href":"https:\/\/api.w.org\/{rel}","templated":true}]}}