{"id":33430,"date":"2025-04-22T09:30:53","date_gmt":"2025-04-22T14:30:53","guid":{"rendered":"https:\/\/www.ledslac.org\/?p=33430"},"modified":"2025-07-09T10:30:04","modified_gmt":"2025-07-09T15:30:04","slug":"adaptacion-climatico-lecciones-latinoamerica-2025","status":"publish","type":"post","link":"https:\/\/www.ledslac.org\/pt\/adaptacion-climatico-lecciones-latinoamerica-2025\/","title":{"rendered":"5 Principais li\u00e7\u00f5es para fortalecer a adapta\u00e7\u00e3o \u00e0s mudan\u00e7as clim\u00e1ticas na Am\u00e9rica Latina e no Caribe"},"content":{"rendered":"<div data-elementor-type=\"wp-post\" data-elementor-id=\"33430\" class=\"elementor elementor-33430\" data-elementor-post-type=\"post\">\n\t\t\t\t\t\t<section class=\"elementor-section elementor-top-section elementor-element elementor-element-b103a8e elementor-section-boxed elementor-section-height-default elementor-section-height-default\" data-id=\"b103a8e\" data-element_type=\"section\" data-e-type=\"section\" data-settings=\"{&quot;jet_parallax_layout_list&quot;:[]}\">\n\t\t\t\t\t\t<div class=\"elementor-container elementor-column-gap-default\">\n\t\t\t\t\t<div class=\"elementor-column elementor-col-100 elementor-top-column elementor-element elementor-element-8e2989c\" data-id=\"8e2989c\" data-element_type=\"column\" data-e-type=\"column\">\n\t\t\t<div class=\"elementor-widget-wrap elementor-element-populated\">\n\t\t\t\t\t\t<div class=\"elementor-element elementor-element-7fa606b elementor-widget elementor-widget-text-editor\" data-id=\"7fa606b\" data-element_type=\"widget\" data-e-type=\"widget\" data-widget_type=\"text-editor.default\">\n\t\t\t\t<div class=\"elementor-widget-container\">\n\t\t\t\t\t\t\t\t\t<p><span style=\"font-weight: 400;\">De 1\u00ba a 4 de abril de 2025, Lima foi o ponto de encontro de representantes de toda a Am\u00e9rica Latina e do Caribe comprometidos com um objetivo comum: fortalecer a adapta\u00e7\u00e3o \u00e0s mudan\u00e7as clim\u00e1ticas. Durante quatro dias, o <\/span><b>Academia de Adapta\u00e7\u00e3o 2025<\/b><span style=\"font-weight: 400;\"> reuniu autoridades nacionais, especialistas t\u00e9cnicos, representantes de organiza\u00e7\u00f5es internacionais e atores da sociedade civil para trocar experi\u00eancias, aprender juntos e criar solu\u00e7\u00f5es regionais para os desafios globais.<\/span><\/p><p><span style=\"font-weight: 400;\">Esse espa\u00e7o, organizado pelo <\/span><b>Secretaria de Mudan\u00e7as Clim\u00e1ticas da ONU<\/b><span style=\"font-weight: 400;\">, <\/span><b>Funda\u00e7\u00e3o Avina<\/b><span style=\"font-weight: 400;\">, <\/span><b>CAF - Banco de Desenvolvimento da Am\u00e9rica Latina e do Caribe -.<\/b><span style=\"font-weight: 400;\"> e o <\/span><b>Programa das Na\u00e7\u00f5es Unidas para o Meio Ambiente (PNUMA)<\/b><span style=\"font-weight: 400;\">contou com o valioso apoio da <\/span><a href=\"https:\/\/www.ledslac.org\/pt\/\"><b>Plataforma LEDS LAC<\/b><\/a><span style=\"font-weight: 400;\"> e <\/span><a href=\"https:\/\/libelula.com.pe\/\" target=\"_blank\" rel=\"noopener\"><b>Lib\u00e9lula<\/b><\/a><span style=\"font-weight: 400;\">.<\/span><\/p><p><span style=\"font-weight: 400;\">O foco principal era claro: <\/span><b>melhorar a qualidade da adapta\u00e7\u00e3o e dos relat\u00f3rios de perdas e danos<\/b><span style=\"font-weight: 400;\">compartilhando li\u00e7\u00f5es aprendidas com a <\/span><b>Relat\u00f3rios bienais de transpar\u00eancia<\/b><span style=\"font-weight: 400;\">O projeto tamb\u00e9m ajudar\u00e1 a identificar oportunidades de financiamento e a consolidar uma comunidade regional de pr\u00e1tica.<\/span><\/p><h2><b>Como fortalecer a adapta\u00e7\u00e3o \u00e0s mudan\u00e7as clim\u00e1ticas na Am\u00e9rica Latina e no Caribe?<\/b><\/h2><p><span style=\"font-weight: 400;\">A avalia\u00e7\u00e3o dos riscos \u00e9 apenas a primeira etapa. Tamb\u00e9m precisamos <\/span><b>Informa\u00e7\u00f5es \u00fateis<\/b><span style=\"font-weight: 400;\">, <\/span><b>estruturas coerentes<\/b><span style=\"font-weight: 400;\">, <\/span><b>participa\u00e7\u00e3o real<\/b><span style=\"font-weight: 400;\"> e <\/span><b>a\u00e7\u00e3o efetiva<\/b><span style=\"font-weight: 400;\">.<\/span><\/p><p><span style=\"font-weight: 400;\">Na Academia, foram identificados os seguintes aspectos <\/span><b>5 principais aprendizados<\/b><span style=\"font-weight: 400;\"> que pode marcar um ponto de inflex\u00e3o na forma como nossa regi\u00e3o lida com as mudan\u00e7as clim\u00e1ticas:<\/span><\/p><p><b>1. simplificar o complexo<\/b><\/p><p><span style=\"font-weight: 400;\">As metodologias de avalia\u00e7\u00e3o de risco devem ser compreens\u00edveis, aplic\u00e1veis e \u00fateis para aqueles que est\u00e3o na linha de frente da a\u00e7\u00e3o clim\u00e1tica: <\/span><b>comunidades e governos locais<\/b><span style=\"font-weight: 400;\">.<\/span><\/p><p><b>2. Dados acess\u00edveis, decis\u00f5es eficazes<\/b><\/p><p><span style=\"font-weight: 400;\">O fortalecimento de bancos de dados robustos e abertos \u00e9 essencial para a implementa\u00e7\u00e3o do <\/span><b>Estrutura dos Emirados \u00c1rabes Unidos<\/b><span style=\"font-weight: 400;\">. A regi\u00e3o deve se concentrar na inova\u00e7\u00e3o, no uso de novas tecnologias e na <\/span><b>intelig\u00eancia artificial e big data<\/b><span style=\"font-weight: 400;\">para tomar melhores decis\u00f5es.<\/span><\/p><p><strong>3. medi\u00e7\u00e3o para aprimoramento<\/strong><\/p><p><span style=\"font-weight: 400;\">O alinhamento dos indicadores globais e locais permite avaliar a efic\u00e1cia real das a\u00e7\u00f5es. Os sistemas de <\/span><b>Monitoramento, avalia\u00e7\u00e3o e aprendizado (MEL)<\/b><span style=\"font-weight: 400;\"> e transpar\u00eancia s\u00e3o fundamentais para o progresso.<\/span><\/p><p><strong>4. Assuntos locais<\/strong><\/p><p><span style=\"font-weight: 400;\">Incluir ativamente as contribui\u00e7\u00f5es de <\/span><b>governos subnacionais e comunidades<\/b><span style=\"font-weight: 400;\"> na defini\u00e7\u00e3o do <\/span><b>Objetivo Global de Adapta\u00e7\u00e3o (GGA)<\/b><span style=\"font-weight: 400;\"> fortalece a governan\u00e7a clim\u00e1tica. Precisamos de estruturas <\/span><b>multin\u00edvel com recursos reais<\/b><span style=\"font-weight: 400;\">.<\/span><\/p><p><strong>5. Articula\u00e7\u00e3o de estruturas, adicionando impactos<\/strong><\/p><p><span style=\"font-weight: 400;\">Fortalecimento da integra\u00e7\u00e3o com o <\/span><b>Estrutura de Sendai<\/b><span style=\"font-weight: 400;\"> e o <\/span><b>Mecanismo de perdas e danos<\/b><span style=\"font-weight: 400;\"> permite que o <\/span><b>Adapta\u00e7\u00e3o baseada em ecossistemas (EbA)<\/b><span style=\"font-weight: 400;\"> e o <\/span><b>Solu\u00e7\u00f5es baseadas na natureza (NBS)<\/b><span style=\"font-weight: 400;\"> mais vis\u00edvel e eficaz.<\/span><\/p><p><b>Adaptar-se tamb\u00e9m \u00e9 transformar<\/b><\/p><p><span style=\"font-weight: 400;\">A Am\u00e9rica Latina e o Caribe t\u00eam a oportunidade de liderar uma adapta\u00e7\u00e3o que <\/span><b>n\u00e3o apenas reage, mas transforma<\/b><span style=\"font-weight: 400;\">abordar as desigualdades estruturais e fortalecer a resili\u00eancia dos territ\u00f3rios.<\/span><\/p>\t\t\t\t\t\t\t\t<\/div>\n\t\t\t\t<\/div>\n\t\t\t\t<div class=\"elementor-element elementor-element-1d6fae6 elementor-arrows-position-inside elementor-pagination-position-outside elementor-widget elementor-widget-image-carousel\" data-id=\"1d6fae6\" data-element_type=\"widget\" data-e-type=\"widget\" data-settings=\"{&quot;slides_to_show&quot;:&quot;1&quot;,&quot;navigation&quot;:&quot;both&quot;,&quot;autoplay&quot;:&quot;yes&quot;,&quot;pause_on_hover&quot;:&quot;yes&quot;,&quot;pause_on_interaction&quot;:&quot;yes&quot;,&quot;autoplay_speed&quot;:5000,&quot;infinite&quot;:&quot;yes&quot;,&quot;effect&quot;:&quot;slide&quot;,&quot;speed&quot;:500}\" data-widget_type=\"image-carousel.default\">\n\t\t\t\t<div class=\"elementor-widget-container\">\n\t\t\t\t\t\t\t<div class=\"elementor-image-carousel-wrapper swiper\" role=\"region\" aria-roledescription=\"carousel\" aria-label=\"Carrossel de imagens\" dir=\"ltr\">\n\t\t\t<div class=\"elementor-image-carousel swiper-wrapper\" aria-live=\"off\">\n\t\t\t\t\t\t\t\t<div class=\"swiper-slide\" role=\"group\" aria-roledescription=\"slide\" aria-label=\"1 de 6\" data-no-translation-aria-label=\"\"><figure class=\"swiper-slide-inner\"><img decoding=\"async\" class=\"swiper-slide-image\" src=\"https:\/\/www.ledslac.org\/wp-content\/uploads\/2025\/04\/1743796763027.webp\" alt=\"1743796763027\" \/><\/figure><\/div><div class=\"swiper-slide\" role=\"group\" aria-roledescription=\"slide\" aria-label=\"2 de 6\" data-no-translation-aria-label=\"\"><figure class=\"swiper-slide-inner\"><img decoding=\"async\" class=\"swiper-slide-image\" src=\"https:\/\/www.ledslac.org\/wp-content\/uploads\/2025\/04\/1743796782326.webp\" alt=\"1743796782326\" \/><\/figure><\/div><div class=\"swiper-slide\" role=\"group\" aria-roledescription=\"slide\" aria-label=\"3 de 6\" data-no-translation-aria-label=\"\"><figure class=\"swiper-slide-inner\"><img decoding=\"async\" class=\"swiper-slide-image\" src=\"https:\/\/www.ledslac.org\/wp-content\/uploads\/2025\/04\/1743796766415.webp\" alt=\"1743796766415\" \/><\/figure><\/div><div class=\"swiper-slide\" role=\"group\" aria-roledescription=\"slide\" aria-label=\"4 de 6\" data-no-translation-aria-label=\"\"><figure class=\"swiper-slide-inner\"><img decoding=\"async\" class=\"swiper-slide-image\" src=\"https:\/\/www.ledslac.org\/wp-content\/uploads\/2025\/04\/1743796768164.webp\" alt=\"1743796768164\" \/><\/figure><\/div><div class=\"swiper-slide\" role=\"group\" aria-roledescription=\"slide\" aria-label=\"5 de 6\" data-no-translation-aria-label=\"\"><figure class=\"swiper-slide-inner\"><img decoding=\"async\" class=\"swiper-slide-image\" src=\"https:\/\/www.ledslac.org\/wp-content\/uploads\/2025\/04\/1743796763126.webp\" alt=\"1743796763126\" \/><\/figure><\/div><div class=\"swiper-slide\" role=\"group\" aria-roledescription=\"slide\" aria-label=\"6 de 6\" data-no-translation-aria-label=\"\"><figure class=\"swiper-slide-inner\"><img decoding=\"async\" class=\"swiper-slide-image\" src=\"https:\/\/www.ledslac.org\/wp-content\/uploads\/2025\/04\/1743796779470.webp\" alt=\"1743796779470\" \/><\/figure><\/div>\t\t\t<\/div>\n\t\t\t\t\t\t\t\t\t\t\t\t<div class=\"elementor-swiper-button elementor-swiper-button-prev\" role=\"button\" tabindex=\"0\">\n\t\t\t\t\t\t<i aria-hidden=\"true\" class=\"eicon-chevron-left\"><\/i>\t\t\t\t\t<\/div>\n\t\t\t\t\t<div class=\"elementor-swiper-button elementor-swiper-button-next\" role=\"button\" tabindex=\"0\">\n\t\t\t\t\t\t<i aria-hidden=\"true\" class=\"eicon-chevron-right\"><\/i>\t\t\t\t\t<\/div>\n\t\t\t\t\n\t\t\t\t\t\t\t\t\t<div class=\"swiper-pagination\"><\/div>\n\t\t\t\t\t\t\t\t\t<\/div>\n\t\t\t\t\t\t<\/div>\n\t\t\t\t<\/div>\n\t\t\t\t<div class=\"elementor-element elementor-element-640cbc8 elementor-widget elementor-widget-html\" data-id=\"640cbc8\" data-element_type=\"widget\" data-e-type=\"widget\" data-widget_type=\"html.default\">\n\t\t\t\t<div class=\"elementor-widget-container\">\n\t\t\t\t\t<iframe src=\"https:\/\/www.linkedin.com\/embed\/feed\/update\/urn:li:ugcPost:7318040975614857216\" height=\"800\" width=\"504\" frameborder=\"0\" allowfullscreen=\"\" title=\"Publica\u00e7\u00e3o integrada\"><\/iframe>\t\t\t\t<\/div>\n\t\t\t\t<\/div>\n\t\t\t\t\t<\/div>\n\t\t<\/div>\n\t\t\t\t\t<\/div>\n\t\t<\/section>\n\t\t\t\t<\/div>","protected":false},"excerpt":{"rendered":"<p>Del 1 al 4 de abril de 2025, Lima fue el punto de encuentro de representantes de toda Latinoam\u00e9rica y el Caribe comprometidos con una meta com\u00fan: fortalecer la adaptaci\u00f3n al cambio clim\u00e1tico. Durante cuatro d\u00edas, la Academia de Adaptaci\u00f3n 2025 reuni\u00f3 a autoridades nacionales, expertos t\u00e9cnicos, representantes de organismos internacionales y actores de la [&hellip;]<\/p>\n","protected":false},"author":1,"featured_media":33764,"comment_status":"closed","ping_status":"closed","sticky":false,"template":"","format":"standard","meta":{"footnotes":""},"categories":[1],"tags":[],"class_list":["post-33430","post","type-post","status-publish","format-standard","has-post-thumbnail","hentry","category-sin-categorizar"],"_links":{"self":[{"href":"https:\/\/www.ledslac.org\/pt\/wp-json\/wp\/v2\/posts\/33430","targetHints":{"allow":["GET"]}}],"collection":[{"href":"https:\/\/www.ledslac.org\/pt\/wp-json\/wp\/v2\/posts"}],"about":[{"href":"https:\/\/www.ledslac.org\/pt\/wp-json\/wp\/v2\/types\/post"}],"author":[{"embeddable":true,"href":"https:\/\/www.ledslac.org\/pt\/wp-json\/wp\/v2\/users\/1"}],"replies":[{"embeddable":true,"href":"https:\/\/www.ledslac.org\/pt\/wp-json\/wp\/v2\/comments?post=33430"}],"version-history":[{"count":8,"href":"https:\/\/www.ledslac.org\/pt\/wp-json\/wp\/v2\/posts\/33430\/revisions"}],"predecessor-version":[{"id":33770,"href":"https:\/\/www.ledslac.org\/pt\/wp-json\/wp\/v2\/posts\/33430\/revisions\/33770"}],"wp:featuredmedia":[{"embeddable":true,"href":"https:\/\/www.ledslac.org\/pt\/wp-json\/wp\/v2\/media\/33764"}],"wp:attachment":[{"href":"https:\/\/www.ledslac.org\/pt\/wp-json\/wp\/v2\/media?parent=33430"}],"wp:term":[{"taxonomy":"category","embeddable":true,"href":"https:\/\/www.ledslac.org\/pt\/wp-json\/wp\/v2\/categories?post=33430"},{"taxonomy":"post_tag","embeddable":true,"href":"https:\/\/www.ledslac.org\/pt\/wp-json\/wp\/v2\/tags?post=33430"}],"curies":[{"name":"wp","href":"https:\/\/api.w.org\/{rel}","templated":true}]}}