{"id":31316,"date":"2024-09-05T12:06:45","date_gmt":"2024-09-05T17:06:45","guid":{"rendered":"https:\/\/www.ledslac.org\/?p=31316"},"modified":"2024-09-05T14:31:22","modified_gmt":"2024-09-05T19:31:22","slug":"negocio-viabilidad-financiera-proyectos-biogas","status":"publish","type":"post","link":"https:\/\/www.ledslac.org\/pt\/negocio-viabilidad-financiera-proyectos-biogas\/","title":{"rendered":"Modelos de neg\u00f3cios para a viabilidade financeira de projetos de biog\u00e1s | BioE Webinar"},"content":{"rendered":"<div data-elementor-type=\"wp-post\" data-elementor-id=\"31316\" class=\"elementor elementor-31316\" data-elementor-post-type=\"post\">\n\t\t\t\t\t\t<section class=\"elementor-section elementor-top-section elementor-element elementor-element-fa713ab elementor-section-boxed elementor-section-height-default elementor-section-height-default\" data-id=\"fa713ab\" data-element_type=\"section\" data-e-type=\"section\" data-settings=\"{&quot;jet_parallax_layout_list&quot;:[]}\">\n\t\t\t\t\t\t<div class=\"elementor-container elementor-column-gap-default\">\n\t\t\t\t\t<div class=\"elementor-column elementor-col-100 elementor-top-column elementor-element elementor-element-d301a72\" data-id=\"d301a72\" data-element_type=\"column\" data-e-type=\"column\">\n\t\t\t<div class=\"elementor-widget-wrap elementor-element-populated\">\n\t\t\t\t\t\t<div class=\"elementor-element elementor-element-182f9eb elementor-widget elementor-widget-text-editor\" data-id=\"182f9eb\" data-element_type=\"widget\" data-e-type=\"widget\" data-widget_type=\"text-editor.default\">\n\t\t\t\t<div class=\"elementor-widget-container\">\n\t\t\t\t\t\t\t\t\t<p dir=\"ltr\">Neste webinar sobre <strong>modelos de neg\u00f3cios para a viabilidade financeira de projetos de biog\u00e1s,<\/strong> Aida Lorenzo, Coordenadora da Comunidade de Pr\u00e1tica de Bioenergia<a href=\"https:\/\/www.ledslac.org\/pt\/comunidades-de-practica\/bioenergia\/\"> (CoP BioE)<\/a> da Plataforma LEDS LAC, deu as boas-vindas aos participantes, destacando a relev\u00e2ncia do compartilhamento de experi\u00eancias e aprendizados entre os membros da BioE CoP ao longo de sua trajet\u00f3ria. <strong>oito anos de exist\u00eancia,<\/strong> que cresceu significativamente e agora tem mais de 50 membros ativos de 12 pa\u00edses latino-americanos.<\/p><p dir=\"ltr\">Durante a sess\u00e3o, foram apresentados casos espec\u00edficos sobre a <strong>utiliza\u00e7\u00e3o de res\u00edduos para a gera\u00e7\u00e3o de biog\u00e1s,<\/strong> ressaltando a import\u00e2ncia da economia circular na produ\u00e7\u00e3o agr\u00edcola. O papel fundamental desempenhado pela <strong>modelos de neg\u00f3cios na implementa\u00e7\u00e3o de projetos sustent\u00e1veis,<\/strong> apresentando experi\u00eancias bem-sucedidas, como as desenvolvidas na fazenda \"Cosecha Real\", na Col\u00f4mbia, e pelo Sistema Bio na Am\u00e9rica Central e na Col\u00f4mbia. Al\u00e9m disso, foram realizadas din\u00e2micas para conhecer os participantes e seu setor de origem, destacando a diversidade e o potencial da bioenergia na regi\u00e3o.\u00a0<\/p><p dir=\"ltr\">A apresenta\u00e7\u00e3o de <em>Angela Tamayo<\/em> focado na trajet\u00f3ria do <strong>Cosecha Real Estate,<\/strong> que opera h\u00e1 mais de quatro d\u00e9cadas com<strong> uma abordagem integrada de sustentabilidade, qualidade e circularidade.<\/strong> A fazenda, fundada por uma fam\u00edlia comprometida com a natureza, conseguiu combinar o conhecimento tradicional com tecnologias limpas, implementando biodigestores que transformam res\u00edduos em biofertilizante e energia cal\u00f3rica, o que reduziu os custos de energia e melhorou a fertiliza\u00e7\u00e3o das planta\u00e7\u00f5es de caf\u00e9. Al\u00e9m da produ\u00e7\u00e3o de su\u00ednos, a fazenda diversificou suas atividades para o cultivo de caf\u00e9 e a apicultura, com a marca \"Cosecha Real\" dedicada ao cultivo de caf\u00e9 org\u00e2nico e \u00e0 produ\u00e7\u00e3o de mel, contribuindo assim para o reflorestamento e o aumento da biodiversidade. A fazenda tamb\u00e9m se posicionou como um destino de ecoturismo, onde os visitantes podem aprender sobre pr\u00e1ticas agr\u00edcolas sustent\u00e1veis enquanto desfrutam do ambiente natural. Seu compromisso com o bem-estar animal e a igualdade de g\u00eanero \u00e9 evidente em suas instala\u00e7\u00f5es, projetadas para garantir um ambiente adequado para os animais e facilitar a inclus\u00e3o de m\u00e3o de obra, o que melhorou as condi\u00e7\u00f5es de trabalho. Isso fez com que a fazenda se tornasse um modelo de desenvolvimento rural sustent\u00e1vel e circular que equilibra o impacto ambiental positivo com benef\u00edcios econ\u00f4micos e sociais para a comunidade.<\/p><p dir=\"ltr\"><em>Miguel Granados,<\/em> em seu discurso, delineou os <strong>Abordagem biol\u00f3gica do sistema<\/strong> na implementa\u00e7\u00e3o de projetos de biodigest\u00e3o, destacando seus 14 anos de experi\u00eancia no setor e sua expans\u00e3o para mais de 30 pa\u00edses, onde adaptou seus modelos de neg\u00f3cios \u00e0s diversas realidades regionais. Na Am\u00e9rica Central e no Caribe, a empresa colabora com aliados estrat\u00e9gicos para oferecer solu\u00e7\u00f5es personalizadas a m\u00e9dios e grandes produtores, maximizando a sustentabilidade e o retorno do investimento. Al\u00e9m disso, a Sistema Bio desenvolveu um modelo social que facilita o acesso a tecnologias de biodigest\u00e3o para pequenos produtores e organiza\u00e7\u00f5es sociais, melhorando a qualidade de vida e promovendo a economia circular em comunidades com menos recursos. Dessa forma, a empresa gerencia dois modelos de neg\u00f3cios: um voltado para grandes produtores, com foco em efici\u00eancia e resultados, e outro voltado para o fornecimento de solu\u00e7\u00f5es para pequenas comunidades com necessidades espec\u00edficas.<\/p><p dir=\"ltr\">Finalmente, <em>Camilo Arias<\/em> abordou as quest\u00f5es de <strong>gera\u00e7\u00e3o de biog\u00e1s e cr\u00e9ditos de carbono,<\/strong> destacando a implementa\u00e7\u00e3o de biodigestores no setor agr\u00edcola como uma solu\u00e7\u00e3o sustent\u00e1vel e econ\u00f4mica. Foi destacada a import\u00e2ncia de adaptar a tecnologia de biodigest\u00e3o \u00e0s caracter\u00edsticas e capacidades dos pequenos e m\u00e9dios produtores, em vez de for\u00e7ar mudan\u00e7as em suas pr\u00e1ticas para se adequar \u00e0 tecnologia dispon\u00edvel. Essa abordagem garantiu maior ado\u00e7\u00e3o e implementa\u00e7\u00e3o bem-sucedida, permitindo que os produtores colhessem benef\u00edcios concretos, como redu\u00e7\u00e3o de custos com g\u00e1s liquefeito de petr\u00f3leo (GLP) e fertilizantes, gerenciamento eficiente de res\u00edduos e aumento da produtividade agr\u00edcola, contribuindo assim para os Objetivos de Desenvolvimento Sustent\u00e1vel (ODS). Um dos destaques foi a apresenta\u00e7\u00e3o de um plano piloto na Col\u00f4mbia que prev\u00ea a implementa\u00e7\u00e3o inicial de 300 sistemas de biodigest\u00e3o, com a ambiciosa meta de expandir esse n\u00famero para 3.000 em dois anos. Esse projeto inclui um componente inovador de certifica\u00e7\u00e3o de cr\u00e9dito de carbono, em colabora\u00e7\u00e3o com entidades Gold Standard reconhecidas, que permitir\u00e1 que os usu\u00e1rios finais obtenham benef\u00edcios econ\u00f4micos com a venda desses cr\u00e9ditos de carbono. Esse modelo de financiamento reduz significativamente o custo dos biodigestores para os produtores, tornando a tecnologia mais acess\u00edvel e sustent\u00e1vel no longo prazo. A import\u00e2ncia fundamental do gerenciamento e da manuten\u00e7\u00e3o adequados dos sistemas de biodigest\u00e3o para garantir sua viabilidade ao longo do tempo tamb\u00e9m foi destacada, enfatizando que o sucesso do programa depende n\u00e3o apenas da instala\u00e7\u00e3o dos sistemas, mas tamb\u00e9m da educa\u00e7\u00e3o e do envolvimento dos produtores no processo de biodigest\u00e3o. Foi enfatizado que a instala\u00e7\u00e3o adequada \u00e9 essencial para evitar o vazamento de g\u00e1s e maximizar a efici\u00eancia dos biodigestores, garantindo que os produtores compreendam plenamente os benef\u00edcios e as responsabilidades do uso dessa tecnologia.<\/p><p dir=\"ltr\">Por fim, Aida Lorenzo fez as observa\u00e7\u00f5es finais, agradecendo aos apresentadores, Camilo, Miguel e Angela, por sua excelente participa\u00e7\u00e3o, que contribuiu para o sucesso do evento. Ela reconheceu que, apesar das d\u00favidas remanescentes, a reuni\u00e3o demonstrou o vasto potencial de progresso em bioenergia. Al\u00e9m disso, ressaltou a import\u00e2ncia desses espa\u00e7os de colabora\u00e7\u00e3o entre os setores p\u00fablico, privado e agr\u00edcola para o aprendizado cont\u00ednuo e a expans\u00e3o da bioenergia na regi\u00e3o.\u00a0<\/p><h5 dir=\"ltr\"><span style=\"color: #008080;\"><strong>Principais mensagens:<\/strong><\/span><\/h5><ul><li dir=\"ltr\"><p dir=\"ltr\" role=\"presentation\"><strong>Economia circular e modelos de neg\u00f3cios:<\/strong> Foi ressaltada a import\u00e2ncia da economia circular na produ\u00e7\u00e3o agr\u00edcola e como os modelos de neg\u00f3cios s\u00e3o fundamentais para a implementa\u00e7\u00e3o bem-sucedida de projetos sustent\u00e1veis, destacando casos de sucesso como a fazenda \"Cosecha Real\" e o Sistema Bio.<\/p><\/li><li dir=\"ltr\"><p dir=\"ltr\" role=\"presentation\"><strong>Sustentabilidade na fazenda Cosecha Real:<\/strong> A Finca Cosecha Real tornou-se um modelo de desenvolvimento rural sustent\u00e1vel, combinando o conhecimento tradicional com tecnologias limpas e diversificando suas atividades para a produ\u00e7\u00e3o de su\u00ednos, cultivo de caf\u00e9, apicultura e ecoturismo.<\/p><\/li><li dir=\"ltr\"><p dir=\"ltr\" role=\"presentation\"><strong>Inova\u00e7\u00e3o em biodigest\u00e3o pela Sistema Bio:<\/strong> O Sistema Bio concentrou-se em adaptar a tecnologia de biodigest\u00e3o \u00e0s necessidades de diferentes regi\u00f5es, desenvolvendo modelos de neg\u00f3cios personalizados para grandes produtores e um modelo social acess\u00edvel para pequenos produtores.<\/p><\/li><li dir=\"ltr\"><p dir=\"ltr\" role=\"presentation\"><strong>Esquema piloto de biodigestor na Col\u00f4mbia:<\/strong> Um esquema piloto na Col\u00f4mbia visa implementar 300 sistemas de biodigest\u00e3o com o objetivo de expandir para 3.000 em dois anos, incorporando a certifica\u00e7\u00e3o de cr\u00e9dito de carbono para reduzir os custos e tornar a tecnologia mais acess\u00edvel.<\/p><\/li><li dir=\"ltr\"><p dir=\"ltr\" role=\"presentation\"><strong>Manuten\u00e7\u00e3o e educa\u00e7\u00e3o em biodigest\u00e3o:<\/strong> A import\u00e2ncia do gerenciamento adequado e da educa\u00e7\u00e3o dos produtores no uso de sistemas de biodigest\u00e3o foi destacada para garantir sua viabilidade a longo prazo, assegurando que sua efici\u00eancia seja maximizada e que os benef\u00edcios da tecnologia sejam compreendidos.<\/p><\/li><\/ul><h5 dir=\"ltr\"><strong><span style=\"color: #008080;\">Saiba mais sobre:<\/span><\/strong><\/h5><p dir=\"ltr\"><a href=\"https:\/\/www.ledslac.org\/pt\/comunidades-de-practica\/bioenergia\/\">A Comunidade de Pr\u00e1tica de Bioenergia<\/a><a href=\"https:\/\/www.ledslac.org\/pt\/comunidades-de-practica\/bioenergia\/\" target=\"_blank\" rel=\"noopener\">, <\/a><a href=\"https:\/\/www.cafecosechareal.com\/\" target=\"_blank\" rel=\"noopener\">Cosecha Real Estate,<\/a>\u00a0<a href=\"https:\/\/sistema.bio\/o\" target=\"_blank\" rel=\"noopener\">Sistema biol\u00f3gico<\/a><\/p>\t\t\t\t\t\t\t\t<\/div>\n\t\t\t\t<\/div>\n\t\t\t\t<div class=\"elementor-element elementor-element-d48e744 elementor-icon-list--layout-inline elementor-align-start elementor-list-item-link-full_width elementor-widget elementor-widget-icon-list\" data-id=\"d48e744\" data-element_type=\"widget\" data-e-type=\"widget\" data-widget_type=\"icon-list.default\">\n\t\t\t\t<div class=\"elementor-widget-container\">\n\t\t\t\t\t\t\t<ul class=\"elementor-icon-list-items elementor-inline-items\">\n\t\t\t\t\t\t\t<li class=\"elementor-icon-list-item elementor-inline-item\">\n\t\t\t\t\t\t\t\t\t\t\t<span class=\"elementor-icon-list-icon\">\n\t\t\t\t\t\t\t<i aria-hidden=\"true\" class=\"far fa-calendar-check\"><\/i>\t\t\t\t\t\t<\/span>\n\t\t\t\t\t\t\t\t\t\t<span class=\"elementor-icon-list-text\">20 de agosto de 2024<\/span>\n\t\t\t\t\t\t\t\t\t<\/li>\n\t\t\t\t\t\t\t\t<li class=\"elementor-icon-list-item elementor-inline-item\">\n\t\t\t\t\t\t\t\t\t\t\t<span class=\"elementor-icon-list-icon\">\n\t\t\t\t\t\t\t<i aria-hidden=\"true\" class=\"fas fa-map-marker-alt\"><\/i>\t\t\t\t\t\t<\/span>\n\t\t\t\t\t\t\t\t\t\t<span class=\"elementor-icon-list-text\">Virtual<\/span>\n\t\t\t\t\t\t\t\t\t<\/li>\n\t\t\t\t\t\t\t\t<li class=\"elementor-icon-list-item elementor-inline-item\">\n\t\t\t\t\t\t\t\t\t\t\t<a href=\"https:\/\/www.ledslac.org\/pt\/download\/31323\/?tmstv=1725556247\" target=\"_blank\">\n\n\t\t\t\t\t\t\t\t\t\t\t\t<span class=\"elementor-icon-list-icon\">\n\t\t\t\t\t\t\t<i aria-hidden=\"true\" class=\"fas fa-book\"><\/i>\t\t\t\t\t\t<\/span>\n\t\t\t\t\t\t\t\t\t\t<span class=\"elementor-icon-list-text\">Apresenta\u00e7\u00e3o de Camilo Arias - Bio System<\/span>\n\t\t\t\t\t\t\t\t\t\t\t<\/a>\n\t\t\t\t\t\t\t\t\t<\/li>\n\t\t\t\t\t\t\t\t<li class=\"elementor-icon-list-item elementor-inline-item\">\n\t\t\t\t\t\t\t\t\t\t\t<a href=\"https:\/\/www.ledslac.org\/pt\/download\/31325\/?tmstv=1725556314\" target=\"_blank\">\n\n\t\t\t\t\t\t\t\t\t\t\t\t<span class=\"elementor-icon-list-icon\">\n\t\t\t\t\t\t\t<i aria-hidden=\"true\" class=\"fas fa-book\"><\/i>\t\t\t\t\t\t<\/span>\n\t\t\t\t\t\t\t\t\t\t<span class=\"elementor-icon-list-text\">Apresenta\u00e7\u00e3o de Angela Tamayo - Cosecha Real de Colombia<\/span>\n\t\t\t\t\t\t\t\t\t\t\t<\/a>\n\t\t\t\t\t\t\t\t\t<\/li>\n\t\t\t\t\t\t<\/ul>\n\t\t\t\t\t\t<\/div>\n\t\t\t\t<\/div>\n\t\t\t\t<div class=\"elementor-element elementor-element-e66c42d elementor-widget elementor-widget-video\" data-id=\"e66c42d\" data-element_type=\"widget\" data-e-type=\"widget\" data-settings=\"{&quot;youtube_url&quot;:&quot;https:\\\/\\\/youtu.be\\\/sKA--ZGUd10&quot;,&quot;video_type&quot;:&quot;youtube&quot;,&quot;controls&quot;:&quot;yes&quot;}\" data-widget_type=\"video.default\">\n\t\t\t\t<div class=\"elementor-widget-container\">\n\t\t\t\t\t\t\t<div class=\"elementor-wrapper elementor-open-inline\">\n\t\t\t<div class=\"elementor-video\"><\/div>\t\t<\/div>\n\t\t\t\t\t\t<\/div>\n\t\t\t\t<\/div>\n\t\t\t\t\t<\/div>\n\t\t<\/div>\n\t\t\t\t\t<\/div>\n\t\t<\/section>\n\t\t\t\t<\/div>","protected":false},"excerpt":{"rendered":"<p>Durante a sess\u00e3o, foram apresentados casos espec\u00edficos sobre o uso de res\u00edduos para gerar biog\u00e1s, destacando a import\u00e2ncia da economia circular na produ\u00e7\u00e3o agr\u00edcola. O papel fundamental desempenhado pelos modelos de neg\u00f3cios na implementa\u00e7\u00e3o de projetos sustent\u00e1veis foi destacado, com a apresenta\u00e7\u00e3o de experi\u00eancias bem-sucedidas, como as desenvolvidas na fazenda \"Cosecha Real\" na Col\u00f4mbia e pelo Sistema Bio na Am\u00e9rica Central e na Col\u00f4mbia.<\/p>","protected":false},"author":1,"featured_media":31317,"comment_status":"closed","ping_status":"closed","sticky":false,"template":"","format":"standard","meta":{"footnotes":""},"categories":[48],"tags":[226],"class_list":["post-31316","post","type-post","status-publish","format-standard","has-post-thumbnail","hentry","category-blog","tag-biogas"],"_links":{"self":[{"href":"https:\/\/www.ledslac.org\/pt\/wp-json\/wp\/v2\/posts\/31316","targetHints":{"allow":["GET"]}}],"collection":[{"href":"https:\/\/www.ledslac.org\/pt\/wp-json\/wp\/v2\/posts"}],"about":[{"href":"https:\/\/www.ledslac.org\/pt\/wp-json\/wp\/v2\/types\/post"}],"author":[{"embeddable":true,"href":"https:\/\/www.ledslac.org\/pt\/wp-json\/wp\/v2\/users\/1"}],"replies":[{"embeddable":true,"href":"https:\/\/www.ledslac.org\/pt\/wp-json\/wp\/v2\/comments?post=31316"}],"version-history":[{"count":0,"href":"https:\/\/www.ledslac.org\/pt\/wp-json\/wp\/v2\/posts\/31316\/revisions"}],"wp:featuredmedia":[{"embeddable":true,"href":"https:\/\/www.ledslac.org\/pt\/wp-json\/wp\/v2\/media\/31317"}],"wp:attachment":[{"href":"https:\/\/www.ledslac.org\/pt\/wp-json\/wp\/v2\/media?parent=31316"}],"wp:term":[{"taxonomy":"category","embeddable":true,"href":"https:\/\/www.ledslac.org\/pt\/wp-json\/wp\/v2\/categories?post=31316"},{"taxonomy":"post_tag","embeddable":true,"href":"https:\/\/www.ledslac.org\/pt\/wp-json\/wp\/v2\/tags?post=31316"}],"curies":[{"name":"wp","href":"https:\/\/api.w.org\/{rel}","templated":true}]}}