{"id":33430,"date":"2025-04-22T09:30:53","date_gmt":"2025-04-22T14:30:53","guid":{"rendered":"https:\/\/www.ledslac.org\/?p=33430"},"modified":"2025-07-09T10:30:04","modified_gmt":"2025-07-09T15:30:04","slug":"adaptacion-climatico-lecciones-latinoamerica-2025","status":"publish","type":"post","link":"https:\/\/www.ledslac.org\/en\/adaptacion-climatico-lecciones-latinoamerica-2025\/","title":{"rendered":"5 Key lessons for strengthening adaptation to climate change in Latin America and the Caribbean"},"content":{"rendered":"<div data-elementor-type=\"wp-post\" data-elementor-id=\"33430\" class=\"elementor elementor-33430\" data-elementor-post-type=\"post\">\n\t\t\t\t\t\t<section class=\"elementor-section elementor-top-section elementor-element elementor-element-b103a8e elementor-section-boxed elementor-section-height-default elementor-section-height-default\" data-id=\"b103a8e\" data-element_type=\"section\" data-e-type=\"section\" data-settings=\"{&quot;jet_parallax_layout_list&quot;:[]}\">\n\t\t\t\t\t\t<div class=\"elementor-container elementor-column-gap-default\">\n\t\t\t\t\t<div class=\"elementor-column elementor-col-100 elementor-top-column elementor-element elementor-element-8e2989c\" data-id=\"8e2989c\" data-element_type=\"column\" data-e-type=\"column\">\n\t\t\t<div class=\"elementor-widget-wrap elementor-element-populated\">\n\t\t\t\t\t\t<div class=\"elementor-element elementor-element-7fa606b elementor-widget elementor-widget-text-editor\" data-id=\"7fa606b\" data-element_type=\"widget\" data-e-type=\"widget\" data-widget_type=\"text-editor.default\">\n\t\t\t\t<div class=\"elementor-widget-container\">\n\t\t\t\t\t\t\t\t\t<p><span style=\"font-weight: 400;\">From April 1 to 4, 2025, Lima was the meeting point for representatives from all of Latin America and the Caribbean committed to a common goal: to strengthen adaptation to climate change. For four days, the <\/span><b>Adaptation Academy 2025<\/b><span style=\"font-weight: 400;\"> brought together national authorities, technical experts, representatives of international organizations and civil society actors to exchange experiences, learn together and build regional solutions to global challenges.<\/span><\/p><p><span style=\"font-weight: 400;\">This space, organized by the <\/span><b>UN Climate Change Secretariat<\/b><span style=\"font-weight: 400;\">, <\/span><b>Avina Foundation<\/b><span style=\"font-weight: 400;\">, <\/span><b>CAF -development bank of Latin America and the Caribbean-.<\/b><span style=\"font-weight: 400;\"> and the <\/span><b>United Nations Environment Program (UNEP)<\/b><span style=\"font-weight: 400;\">The company had the valuable support of the <\/span><a href=\"https:\/\/www.ledslac.org\/en\/\"><b>LEDS LAC Platform<\/b><\/a><span style=\"font-weight: 400;\"> and <\/span><a href=\"https:\/\/libelula.com.pe\/\" target=\"_blank\" rel=\"noopener\"><b>Dragonfly<\/b><\/a><span style=\"font-weight: 400;\">.<\/span><\/p><p><span style=\"font-weight: 400;\">The main focus was clear: <\/span><b>improving the quality of adaptation and loss and damage reports<\/b><span style=\"font-weight: 400;\">sharing lessons learned from the <\/span><b>Biennial Transparency Reports<\/b><span style=\"font-weight: 400;\">The project will also help to identify funding opportunities and consolidate a regional community of practice.<\/span><\/p><h2><b>How to strengthen adaptation to climate change in Latin America and the Caribbean?<\/b><\/h2><p><span style=\"font-weight: 400;\">Assessing risks is only the first step. We also need to <\/span><b>helpful information<\/b><span style=\"font-weight: 400;\">, <\/span><b>consistent frameworks<\/b><span style=\"font-weight: 400;\">, <\/span><b>real participation<\/b><span style=\"font-weight: 400;\"> and <\/span><b>effective action<\/b><span style=\"font-weight: 400;\">.<\/span><\/p><p><span style=\"font-weight: 400;\">At the Academy, the following were identified <\/span><b>5 key learnings<\/b><span style=\"font-weight: 400;\"> that could mark a turning point in the way our region deals with climate change:<\/span><\/p><p><b>1. Making the complex simple<\/b><\/p><p><span style=\"font-weight: 400;\">Risk assessment methodologies must be understandable, applicable and useful to those on the front line of climate action: <\/span><b>communities and local governments<\/b><span style=\"font-weight: 400;\">.<\/span><\/p><p><b>2. Accessible data, effective decisions<\/b><\/p><p><span style=\"font-weight: 400;\">Strengthening robust and open databases is essential to implementing the <\/span><b>United Arab Emirates Framework<\/b><span style=\"font-weight: 400;\">. The region should focus on innovation, the use of <\/span><b>artificial intelligence and big data<\/b><span style=\"font-weight: 400;\">to make better decisions.<\/span><\/p><p><strong>Measure to improve<\/strong><\/p><p><span style=\"font-weight: 400;\">Aligning global and local indicators makes it possible to evaluate the real effectiveness of actions. The systems of <\/span><b>Monitoring, Evaluation and Learning (MEL)<\/b><span style=\"font-weight: 400;\"> and transparency are key to moving forward.<\/span><\/p><p><strong>4. Local matters<\/strong><\/p><p><span style=\"font-weight: 400;\">Actively include the contributions of <\/span><b>subnational governments and communities<\/b><span style=\"font-weight: 400;\"> in the definition of the <\/span><b>Global Goal on Adaptation (GGA)<\/b><span style=\"font-weight: 400;\"> strengthens climate governance. We need structures <\/span><b>multilevel with real capabilities<\/b><span style=\"font-weight: 400;\">.<\/span><\/p><p><strong>5. Articulating frameworks, adding impacts<\/strong><\/p><p><span style=\"font-weight: 400;\">Strengthen integration with the <\/span><b>Sendai Framework<\/b><span style=\"font-weight: 400;\"> and the <\/span><b>Loss and Damage Mechanism<\/b><span style=\"font-weight: 400;\"> allows the <\/span><b>Ecosystem-based Adaptation (EbA)<\/b><span style=\"font-weight: 400;\"> and the <\/span><b>Nature-Based Solutions (NBS)<\/b><span style=\"font-weight: 400;\"> more visible and effective.<\/span><\/p><p><b>Adapting also means transforming<\/b><\/p><p><span style=\"font-weight: 400;\">Latin America and the Caribbean have the opportunity to lead an adaptation that will <\/span><b>not only reacts, but also transforms<\/b><span style=\"font-weight: 400;\">addressing structural inequalities and strengthening the resilience of the territories.<\/span><\/p>\t\t\t\t\t\t\t\t<\/div>\n\t\t\t\t<\/div>\n\t\t\t\t<div class=\"elementor-element elementor-element-1d6fae6 elementor-arrows-position-inside elementor-pagination-position-outside elementor-widget elementor-widget-image-carousel\" data-id=\"1d6fae6\" data-element_type=\"widget\" data-e-type=\"widget\" data-settings=\"{&quot;slides_to_show&quot;:&quot;1&quot;,&quot;navigation&quot;:&quot;both&quot;,&quot;autoplay&quot;:&quot;yes&quot;,&quot;pause_on_hover&quot;:&quot;yes&quot;,&quot;pause_on_interaction&quot;:&quot;yes&quot;,&quot;autoplay_speed&quot;:5000,&quot;infinite&quot;:&quot;yes&quot;,&quot;effect&quot;:&quot;slide&quot;,&quot;speed&quot;:500}\" data-widget_type=\"image-carousel.default\">\n\t\t\t\t<div class=\"elementor-widget-container\">\n\t\t\t\t\t\t\t<div class=\"elementor-image-carousel-wrapper swiper\" role=\"region\" aria-roledescription=\"carousel\" aria-label=\"Image Carousel\" dir=\"ltr\">\n\t\t\t<div class=\"elementor-image-carousel swiper-wrapper\" aria-live=\"off\">\n\t\t\t\t\t\t\t\t<div class=\"swiper-slide\" role=\"group\" aria-roledescription=\"slide\" aria-label=\"1 de 6\" data-no-translation-aria-label=\"\"><figure class=\"swiper-slide-inner\"><img decoding=\"async\" class=\"swiper-slide-image\" src=\"https:\/\/www.ledslac.org\/wp-content\/uploads\/2025\/04\/1743796763027.webp\" alt=\"1743796763027\" \/><\/figure><\/div><div class=\"swiper-slide\" role=\"group\" aria-roledescription=\"slide\" aria-label=\"2 de 6\" data-no-translation-aria-label=\"\"><figure class=\"swiper-slide-inner\"><img decoding=\"async\" class=\"swiper-slide-image\" src=\"https:\/\/www.ledslac.org\/wp-content\/uploads\/2025\/04\/1743796782326.webp\" alt=\"1743796782326\" \/><\/figure><\/div><div class=\"swiper-slide\" role=\"group\" aria-roledescription=\"slide\" aria-label=\"3 de 6\" data-no-translation-aria-label=\"\"><figure class=\"swiper-slide-inner\"><img decoding=\"async\" class=\"swiper-slide-image\" src=\"https:\/\/www.ledslac.org\/wp-content\/uploads\/2025\/04\/1743796766415.webp\" alt=\"1743796766415\" \/><\/figure><\/div><div class=\"swiper-slide\" role=\"group\" aria-roledescription=\"slide\" aria-label=\"4 de 6\" data-no-translation-aria-label=\"\"><figure class=\"swiper-slide-inner\"><img decoding=\"async\" class=\"swiper-slide-image\" src=\"https:\/\/www.ledslac.org\/wp-content\/uploads\/2025\/04\/1743796768164.webp\" alt=\"1743796768164\" \/><\/figure><\/div><div class=\"swiper-slide\" role=\"group\" aria-roledescription=\"slide\" aria-label=\"5 de 6\" data-no-translation-aria-label=\"\"><figure class=\"swiper-slide-inner\"><img decoding=\"async\" class=\"swiper-slide-image\" src=\"https:\/\/www.ledslac.org\/wp-content\/uploads\/2025\/04\/1743796763126.webp\" alt=\"1743796763126\" \/><\/figure><\/div><div class=\"swiper-slide\" role=\"group\" aria-roledescription=\"slide\" aria-label=\"6 de 6\" data-no-translation-aria-label=\"\"><figure class=\"swiper-slide-inner\"><img decoding=\"async\" class=\"swiper-slide-image\" src=\"https:\/\/www.ledslac.org\/wp-content\/uploads\/2025\/04\/1743796779470.webp\" alt=\"1743796779470\" \/><\/figure><\/div>\t\t\t<\/div>\n\t\t\t\t\t\t\t\t\t\t\t\t<div class=\"elementor-swiper-button elementor-swiper-button-prev\" role=\"button\" tabindex=\"0\">\n\t\t\t\t\t\t<i aria-hidden=\"true\" class=\"eicon-chevron-left\"><\/i>\t\t\t\t\t<\/div>\n\t\t\t\t\t<div class=\"elementor-swiper-button elementor-swiper-button-next\" role=\"button\" tabindex=\"0\">\n\t\t\t\t\t\t<i aria-hidden=\"true\" class=\"eicon-chevron-right\"><\/i>\t\t\t\t\t<\/div>\n\t\t\t\t\n\t\t\t\t\t\t\t\t\t<div class=\"swiper-pagination\"><\/div>\n\t\t\t\t\t\t\t\t\t<\/div>\n\t\t\t\t\t\t<\/div>\n\t\t\t\t<\/div>\n\t\t\t\t<div class=\"elementor-element elementor-element-640cbc8 elementor-widget elementor-widget-html\" data-id=\"640cbc8\" data-element_type=\"widget\" data-e-type=\"widget\" data-widget_type=\"html.default\">\n\t\t\t\t<div class=\"elementor-widget-container\">\n\t\t\t\t\t<iframe src=\"https:\/\/www.linkedin.com\/embed\/feed\/update\/urn:li:ugcPost:7318040975614857216\" height=\"800\" width=\"504\" frameborder=\"0\" allowfullscreen=\"\" title=\"Integrated publication\"><\/iframe>\t\t\t\t<\/div>\n\t\t\t\t<\/div>\n\t\t\t\t\t<\/div>\n\t\t<\/div>\n\t\t\t\t\t<\/div>\n\t\t<\/section>\n\t\t\t\t<\/div>","protected":false},"excerpt":{"rendered":"<p>Del 1 al 4 de abril de 2025, Lima fue el punto de encuentro de representantes de toda Latinoam\u00e9rica y el Caribe comprometidos con una meta com\u00fan: fortalecer la adaptaci\u00f3n al cambio clim\u00e1tico. Durante cuatro d\u00edas, la Academia de Adaptaci\u00f3n 2025 reuni\u00f3 a autoridades nacionales, expertos t\u00e9cnicos, representantes de organismos internacionales y actores de la [&hellip;]<\/p>\n","protected":false},"author":1,"featured_media":33764,"comment_status":"closed","ping_status":"closed","sticky":false,"template":"","format":"standard","meta":{"footnotes":""},"categories":[1],"tags":[],"class_list":["post-33430","post","type-post","status-publish","format-standard","has-post-thumbnail","hentry","category-sin-categorizar"],"_links":{"self":[{"href":"https:\/\/www.ledslac.org\/en\/wp-json\/wp\/v2\/posts\/33430","targetHints":{"allow":["GET"]}}],"collection":[{"href":"https:\/\/www.ledslac.org\/en\/wp-json\/wp\/v2\/posts"}],"about":[{"href":"https:\/\/www.ledslac.org\/en\/wp-json\/wp\/v2\/types\/post"}],"author":[{"embeddable":true,"href":"https:\/\/www.ledslac.org\/en\/wp-json\/wp\/v2\/users\/1"}],"replies":[{"embeddable":true,"href":"https:\/\/www.ledslac.org\/en\/wp-json\/wp\/v2\/comments?post=33430"}],"version-history":[{"count":8,"href":"https:\/\/www.ledslac.org\/en\/wp-json\/wp\/v2\/posts\/33430\/revisions"}],"predecessor-version":[{"id":33770,"href":"https:\/\/www.ledslac.org\/en\/wp-json\/wp\/v2\/posts\/33430\/revisions\/33770"}],"wp:featuredmedia":[{"embeddable":true,"href":"https:\/\/www.ledslac.org\/en\/wp-json\/wp\/v2\/media\/33764"}],"wp:attachment":[{"href":"https:\/\/www.ledslac.org\/en\/wp-json\/wp\/v2\/media?parent=33430"}],"wp:term":[{"taxonomy":"category","embeddable":true,"href":"https:\/\/www.ledslac.org\/en\/wp-json\/wp\/v2\/categories?post=33430"},{"taxonomy":"post_tag","embeddable":true,"href":"https:\/\/www.ledslac.org\/en\/wp-json\/wp\/v2\/tags?post=33430"}],"curies":[{"name":"wp","href":"https:\/\/api.w.org\/{rel}","templated":true}]}}